{"id":2040,"date":"2022-03-20T17:47:18","date_gmt":"2022-03-20T20:47:18","guid":{"rendered":"https:\/\/ajtkd.org\/?p=2040"},"modified":"2022-04-01T15:04:54","modified_gmt":"2022-04-01T18:04:54","slug":"ajtkd-speaks-about-social-inclusion-at-united-nations-event","status":"publish","type":"post","link":"https:\/\/ajtkd.org\/pt\/ajtkd-speaks-about-social-inclusion-at-united-nations-event\/","title":{"rendered":"AJTKD fala sobre inclus\u00e3o social em evento das Na\u00e7\u00f5es Unidas"},"content":{"rendered":"<p>Inclus\u00e3o Social atrav\u00e9s do Esporte, evento realizado na 60\u00aa Sess\u00e3o da Comiss\u00e3o de Desenvolvimento Social das Na\u00e7\u00f5es Unidas em fevereiro de 2022, foi o primeiro evento da Associa\u00e7\u00e3o Jadir de Taekwondo (AJTKD) nas Na\u00e7\u00f5es Unidas.<\/p>\n\n\n\n<p>Apresenta\u00e7\u00f5es de membros e volunt\u00e1rios da AJTKD abordaram a interse\u00e7\u00e3o entre esporte, inclus\u00e3o social e empoderamento, demonstrando o importante papel que o esporte desempenha no aux\u00edlio aos jovens que vivem em \u00e1reas carentes no Brasil.<\/p>\n\n\n\n<p>O evento foi um sucesso e contou com a apresenta\u00e7\u00e3o do Mestre Jadir, presidente da AJTKD, que falou sobre sua experi\u00eancia de vida, como o Taekwondo o ajudou a superar momentos dif\u00edceis e como essa arte marcial o inspirou a ajudar o pr\u00f3ximo. Ele explicou que o esporte \u00e9 essencial quando se trata de seu trabalho com crian\u00e7as de \u00e1reas carentes do Brasil. O Taekwondo os torna resilientes, autoconfiantes e fornece habilidades como lideran\u00e7a, disciplina e trabalho em equipe.<\/p>\n\n\n\n<p>Paulo Rocha, professor da Universidade do Estado do Rio de Janeiro e vice-presidente da AJTKD, e Danilo Malafaia, diretor administrativo da AJTKD, compartilharam como iniciaram sua jornada na AJTKD como alunos. Suas hist\u00f3rias de vida e as dos alunos que ensinam provam que o Taekwondo pode influenciar positivamente a vida de algu\u00e9m.<\/p>\n\n\n\n<figure class=\"wp-block-image size-large\"><img decoding=\"async\" loading=\"lazy\" width=\"1024\" height=\"512\" src=\"https:\/\/ajtkd.org\/wp-content\/uploads\/2022\/03\/presentations-collage-1024x512.jpg\" alt=\"\" class=\"wp-image-2043\" srcset=\"https:\/\/ajtkd.org\/wp-content\/uploads\/2022\/03\/presentations-collage-1024x512.jpg 1024w, https:\/\/ajtkd.org\/wp-content\/uploads\/2022\/03\/presentations-collage-300x150.jpg 300w, https:\/\/ajtkd.org\/wp-content\/uploads\/2022\/03\/presentations-collage-768x384.jpg 768w, https:\/\/ajtkd.org\/wp-content\/uploads\/2022\/03\/presentations-collage-1536x768.jpg 1536w, https:\/\/ajtkd.org\/wp-content\/uploads\/2022\/03\/presentations-collage-18x9.jpg 18w, https:\/\/ajtkd.org\/wp-content\/uploads\/2022\/03\/presentations-collage.jpg 1920w\" sizes=\"(max-width: 1024px) 100vw, 1024px\" \/><\/figure>\n\n\n\n<p>Nem todos os volunt\u00e1rios da AJTKD s\u00e3o mestres de Taekwondo, mas tamb\u00e9m incluem profissionais como Candida Couras, psic\u00f3loga da AJTKD. Como a maioria dos alunos da associa\u00e7\u00e3o s\u00e3o jovens de \u00e1reas carentes, o trabalho de Candida \u00e9 muito importante, n\u00e3o s\u00f3 para as crian\u00e7as, mas tamb\u00e9m para os pais. \"\u00c9 importante trabalhar com os pais e m\u00e3es\", afirma a psic\u00f3loga. Candida realiza sess\u00f5es com os pais enquanto as crian\u00e7as praticam Taekwondo.<\/p>\n\n\n\n<p>Myrka Suarez, estudante de mestrado em Ci\u00eancias Ambientais na Universidade de Wageningen, abordou como o esporte contribui para o desenvolvimento social e como o trabalho da AJTKD est\u00e1 alinhado com os Objetivos de Desenvolvimento Sustent\u00e1vel da ONU.<\/p>\n\n\n\n<p>O evento interativo, presidido por Ines Crespo, respons\u00e1vel pela comunica\u00e7\u00e3o de pesquisa no Instituto Roslin da Universidade de Edimburgo, ofereceu oportunidades para que o p\u00fablico pudesse expressar suas opini\u00f5es sobre o valor do esporte para a inclus\u00e3o social.<\/p>\n\n\n\n<p>\"Foi uma grande honra sediar um evento nas Na\u00e7\u00f5es Unidas e compartilhar nossa experi\u00eancia em utilizar o esporte como ferramenta para a inclus\u00e3o social de crian\u00e7as e jovens\".<\/p>\n\n\n\n<p>\u2013 Mestre Jadir<\/p>","protected":false},"excerpt":{"rendered":"<p>Social Inclusion through Sport, an event held as part of the United Nations&#8217; 60th Session of the Commission for Social Development in February 2022, was the first event of the Jadir Taekwondo Association (AJTKD) at the United Nations. Presentations by AJTKD members and volunteers addressed the intersection of sport, social inclusion and empowerment, demonstrating the &hellip;<\/p>\n<p class=\"read-more\"> <a class=\"\" href=\"https:\/\/ajtkd.org\/pt\/ajtkd-speaks-about-social-inclusion-at-united-nations-event\/\"> <span class=\"screen-reader-text\">AJTKD fala sobre inclus\u00e3o social em evento das Na\u00e7\u00f5es Unidas<\/span> Leia mais \u00bb<\/a><\/p>","protected":false},"author":4,"featured_media":2042,"comment_status":"closed","ping_status":"open","sticky":false,"template":"","format":"standard","meta":{"footnotes":""},"categories":[7],"tags":[],"yoast_head":"<!-- This site is optimized with the Yoast SEO plugin v19.13 - https:\/\/yoast.com\/wordpress\/plugins\/seo\/ -->\n<title>AJTKD speaks about social inclusion at United Nations event - AJTKD<\/title>\n<meta name=\"robots\" content=\"index, follow, max-snippet:-1, max-image-preview:large, max-video-preview:-1\" \/>\n<link rel=\"canonical\" href=\"https:\/\/ajtkd.org\/pt\/ajtkd-speaks-about-social-inclusion-at-united-nations-event\/\" \/>\n<meta property=\"og:locale\" content=\"pt_BR\" \/>\n<meta property=\"og:type\" content=\"article\" \/>\n<meta property=\"og:title\" content=\"AJTKD speaks about social inclusion at United Nations event - AJTKD\" \/>\n<meta property=\"og:description\" content=\"Social Inclusion through Sport, an event held as part of the United Nations&#8217; 60th Session of the Commission for Social Development in February 2022, was the first event of the Jadir Taekwondo Association (AJTKD) at the United Nations. Presentations by AJTKD members and volunteers addressed the intersection of sport, social inclusion and empowerment, demonstrating the &hellip; AJTKD speaks about social inclusion at United Nations event Leia mais &raquo;\" \/>\n<meta property=\"og:url\" content=\"https:\/\/ajtkd.org\/pt\/ajtkd-speaks-about-social-inclusion-at-united-nations-event\/\" \/>\n<meta property=\"og:site_name\" content=\"AJTKD\" \/>\n<meta property=\"article:published_time\" content=\"2022-03-20T20:47:18+00:00\" \/>\n<meta property=\"article:modified_time\" content=\"2022-04-01T18:04:54+00:00\" \/>\n<meta property=\"og:image\" content=\"https:\/\/ajtkd.org\/wp-content\/uploads\/2022\/03\/United-Nations-e1647808019261.png\" \/>\n\t<meta property=\"og:image:width\" content=\"1000\" \/>\n\t<meta property=\"og:image:height\" content=\"563\" \/>\n\t<meta property=\"og:image:type\" content=\"image\/png\" \/>\n<meta name=\"author\" content=\"Adriana Granda, AJTKD Marketing Team\" \/>\n<meta name=\"twitter:card\" content=\"summary_large_image\" \/>\n<meta name=\"twitter:image\" content=\"https:\/\/ajtkd.org\/wp-content\/uploads\/2022\/03\/United-Nations-e1647808019261.png\" \/>\n<meta name=\"twitter:label1\" content=\"Escrito por\" \/>\n\t<meta name=\"twitter:data1\" content=\"Adriana Granda, AJTKD Marketing Team\" \/>\n\t<meta name=\"twitter:label2\" content=\"Est. tempo de leitura\" \/>\n\t<meta name=\"twitter:data2\" content=\"2 minutos\" \/>\n<script type=\"application\/ld+json\" class=\"yoast-schema-graph\">{\"@context\":\"https:\/\/schema.org\",\"@graph\":[{\"@type\":\"Article\",\"@id\":\"https:\/\/ajtkd.org\/ajtkd-speaks-about-social-inclusion-at-united-nations-event\/#article\",\"isPartOf\":{\"@id\":\"https:\/\/ajtkd.org\/ajtkd-speaks-about-social-inclusion-at-united-nations-event\/\"},\"author\":{\"name\":\"Adriana Granda, AJTKD Marketing Team\",\"@id\":\"https:\/\/ajtkd.org\/#\/schema\/person\/93b7d85b2484e6ce00eea17caa5c2310\"},\"headline\":\"AJTKD speaks about social inclusion at United Nations event\",\"datePublished\":\"2022-03-20T20:47:18+00:00\",\"dateModified\":\"2022-04-01T18:04:54+00:00\",\"mainEntityOfPage\":{\"@id\":\"https:\/\/ajtkd.org\/ajtkd-speaks-about-social-inclusion-at-united-nations-event\/\"},\"wordCount\":378,\"publisher\":{\"@id\":\"https:\/\/ajtkd.org\/#organization\"},\"articleSection\":[\"Social Inclusion\"],\"inLanguage\":\"pt-BR\"},{\"@type\":\"WebPage\",\"@id\":\"https:\/\/ajtkd.org\/ajtkd-speaks-about-social-inclusion-at-united-nations-event\/\",\"url\":\"https:\/\/ajtkd.org\/ajtkd-speaks-about-social-inclusion-at-united-nations-event\/\",\"name\":\"AJTKD speaks about social inclusion at United Nations event - AJTKD\",\"isPartOf\":{\"@id\":\"https:\/\/ajtkd.org\/#website\"},\"datePublished\":\"2022-03-20T20:47:18+00:00\",\"dateModified\":\"2022-04-01T18:04:54+00:00\",\"breadcrumb\":{\"@id\":\"https:\/\/ajtkd.org\/ajtkd-speaks-about-social-inclusion-at-united-nations-event\/#breadcrumb\"},\"inLanguage\":\"pt-BR\",\"potentialAction\":[{\"@type\":\"ReadAction\",\"target\":[\"https:\/\/ajtkd.org\/ajtkd-speaks-about-social-inclusion-at-united-nations-event\/\"]}]},{\"@type\":\"BreadcrumbList\",\"@id\":\"https:\/\/ajtkd.org\/ajtkd-speaks-about-social-inclusion-at-united-nations-event\/#breadcrumb\",\"itemListElement\":[{\"@type\":\"ListItem\",\"position\":1,\"name\":\"Home\",\"item\":\"https:\/\/ajtkd.org\/\"},{\"@type\":\"ListItem\",\"position\":2,\"name\":\"AJTKD speaks about social inclusion at United Nations event\"}]},{\"@type\":\"WebSite\",\"@id\":\"https:\/\/ajtkd.org\/#website\",\"url\":\"https:\/\/ajtkd.org\/\",\"name\":\"AJTKD\",\"description\":\"Associa\u00e7\u00e3o Jadir de Taekwondo\",\"publisher\":{\"@id\":\"https:\/\/ajtkd.org\/#organization\"},\"potentialAction\":[{\"@type\":\"SearchAction\",\"target\":{\"@type\":\"EntryPoint\",\"urlTemplate\":\"https:\/\/ajtkd.org\/?s={search_term_string}\"},\"query-input\":\"required name=search_term_string\"}],\"inLanguage\":\"pt-BR\"},{\"@type\":\"Organization\",\"@id\":\"https:\/\/ajtkd.org\/#organization\",\"name\":\"AJTKD\",\"url\":\"https:\/\/ajtkd.org\/\",\"logo\":{\"@type\":\"ImageObject\",\"inLanguage\":\"pt-BR\",\"@id\":\"https:\/\/ajtkd.org\/#\/schema\/logo\/image\/\",\"url\":\"https:\/\/ajtkd.org\/wp-content\/uploads\/2021\/03\/cropped-logo.png\",\"contentUrl\":\"https:\/\/ajtkd.org\/wp-content\/uploads\/2021\/03\/cropped-logo.png\",\"width\":160,\"height\":61,\"caption\":\"AJTKD\"},\"image\":{\"@id\":\"https:\/\/ajtkd.org\/#\/schema\/logo\/image\/\"}},{\"@type\":\"Person\",\"@id\":\"https:\/\/ajtkd.org\/#\/schema\/person\/93b7d85b2484e6ce00eea17caa5c2310\",\"name\":\"Adriana Granda, AJTKD Marketing Team\",\"image\":{\"@type\":\"ImageObject\",\"inLanguage\":\"pt-BR\",\"@id\":\"https:\/\/ajtkd.org\/#\/schema\/person\/image\/\",\"url\":\"https:\/\/secure.gravatar.com\/avatar\/146e0b35e67d2e58945a3088a780af3a?s=96&d=mm&r=g\",\"contentUrl\":\"https:\/\/secure.gravatar.com\/avatar\/146e0b35e67d2e58945a3088a780af3a?s=96&d=mm&r=g\",\"caption\":\"Adriana Granda, AJTKD Marketing Team\"},\"url\":\"https:\/\/ajtkd.org\/pt\/author\/adrianagranda\/\"}]}<\/script>\n<!-- \/ Yoast SEO plugin. -->","yoast_head_json":{"title":"AJTKD speaks about social inclusion at United Nations event - AJTKD","robots":{"index":"index","follow":"follow","max-snippet":"max-snippet:-1","max-image-preview":"max-image-preview:large","max-video-preview":"max-video-preview:-1"},"canonical":"https:\/\/ajtkd.org\/pt\/ajtkd-speaks-about-social-inclusion-at-united-nations-event\/","og_locale":"pt_BR","og_type":"article","og_title":"AJTKD speaks about social inclusion at United Nations event - AJTKD","og_description":"Social Inclusion through Sport, an event held as part of the United Nations&#8217; 60th Session of the Commission for Social Development in February 2022, was the first event of the Jadir Taekwondo Association (AJTKD) at the United Nations. Presentations by AJTKD members and volunteers addressed the intersection of sport, social inclusion and empowerment, demonstrating the &hellip; AJTKD speaks about social inclusion at United Nations event Leia mais &raquo;","og_url":"https:\/\/ajtkd.org\/pt\/ajtkd-speaks-about-social-inclusion-at-united-nations-event\/","og_site_name":"AJTKD","article_published_time":"2022-03-20T20:47:18+00:00","article_modified_time":"2022-04-01T18:04:54+00:00","og_image":[{"width":1000,"height":563,"url":"https:\/\/ajtkd.org\/wp-content\/uploads\/2022\/03\/United-Nations-e1647808019261.png","type":"image\/png"}],"author":"Adriana Granda, AJTKD Marketing Team","twitter_card":"summary_large_image","twitter_image":"https:\/\/ajtkd.org\/wp-content\/uploads\/2022\/03\/United-Nations-e1647808019261.png","twitter_misc":{"Escrito por":"Adriana Granda, AJTKD Marketing Team","Est. tempo de leitura":"2 minutos"},"schema":{"@context":"https:\/\/schema.org","@graph":[{"@type":"Article","@id":"https:\/\/ajtkd.org\/ajtkd-speaks-about-social-inclusion-at-united-nations-event\/#article","isPartOf":{"@id":"https:\/\/ajtkd.org\/ajtkd-speaks-about-social-inclusion-at-united-nations-event\/"},"author":{"name":"Adriana Granda, AJTKD Marketing Team","@id":"https:\/\/ajtkd.org\/#\/schema\/person\/93b7d85b2484e6ce00eea17caa5c2310"},"headline":"AJTKD speaks about social inclusion at United Nations event","datePublished":"2022-03-20T20:47:18+00:00","dateModified":"2022-04-01T18:04:54+00:00","mainEntityOfPage":{"@id":"https:\/\/ajtkd.org\/ajtkd-speaks-about-social-inclusion-at-united-nations-event\/"},"wordCount":378,"publisher":{"@id":"https:\/\/ajtkd.org\/#organization"},"articleSection":["Social Inclusion"],"inLanguage":"pt-BR"},{"@type":"WebPage","@id":"https:\/\/ajtkd.org\/ajtkd-speaks-about-social-inclusion-at-united-nations-event\/","url":"https:\/\/ajtkd.org\/ajtkd-speaks-about-social-inclusion-at-united-nations-event\/","name":"AJTKD speaks about social inclusion at United Nations event - AJTKD","isPartOf":{"@id":"https:\/\/ajtkd.org\/#website"},"datePublished":"2022-03-20T20:47:18+00:00","dateModified":"2022-04-01T18:04:54+00:00","breadcrumb":{"@id":"https:\/\/ajtkd.org\/ajtkd-speaks-about-social-inclusion-at-united-nations-event\/#breadcrumb"},"inLanguage":"pt-BR","potentialAction":[{"@type":"ReadAction","target":["https:\/\/ajtkd.org\/ajtkd-speaks-about-social-inclusion-at-united-nations-event\/"]}]},{"@type":"BreadcrumbList","@id":"https:\/\/ajtkd.org\/ajtkd-speaks-about-social-inclusion-at-united-nations-event\/#breadcrumb","itemListElement":[{"@type":"ListItem","position":1,"name":"Home","item":"https:\/\/ajtkd.org\/"},{"@type":"ListItem","position":2,"name":"AJTKD speaks about social inclusion at United Nations event"}]},{"@type":"WebSite","@id":"https:\/\/ajtkd.org\/#website","url":"https:\/\/ajtkd.org\/","name":"AJTKD","description":"Associa\u00e7\u00e3o Jadir de Taekwondo","publisher":{"@id":"https:\/\/ajtkd.org\/#organization"},"potentialAction":[{"@type":"SearchAction","target":{"@type":"EntryPoint","urlTemplate":"https:\/\/ajtkd.org\/?s={search_term_string}"},"query-input":"required name=search_term_string"}],"inLanguage":"pt-BR"},{"@type":"Organization","@id":"https:\/\/ajtkd.org\/#organization","name":"AJTKD","url":"https:\/\/ajtkd.org\/","logo":{"@type":"ImageObject","inLanguage":"pt-BR","@id":"https:\/\/ajtkd.org\/#\/schema\/logo\/image\/","url":"https:\/\/ajtkd.org\/wp-content\/uploads\/2021\/03\/cropped-logo.png","contentUrl":"https:\/\/ajtkd.org\/wp-content\/uploads\/2021\/03\/cropped-logo.png","width":160,"height":61,"caption":"AJTKD"},"image":{"@id":"https:\/\/ajtkd.org\/#\/schema\/logo\/image\/"}},{"@type":"Person","@id":"https:\/\/ajtkd.org\/#\/schema\/person\/93b7d85b2484e6ce00eea17caa5c2310","name":"Adriana Granda, AJTKD Marketing Team","image":{"@type":"ImageObject","inLanguage":"pt-BR","@id":"https:\/\/ajtkd.org\/#\/schema\/person\/image\/","url":"https:\/\/secure.gravatar.com\/avatar\/146e0b35e67d2e58945a3088a780af3a?s=96&d=mm&r=g","contentUrl":"https:\/\/secure.gravatar.com\/avatar\/146e0b35e67d2e58945a3088a780af3a?s=96&d=mm&r=g","caption":"Adriana Granda, AJTKD Marketing Team"},"url":"https:\/\/ajtkd.org\/pt\/author\/adrianagranda\/"}]}},"_links":{"self":[{"href":"https:\/\/ajtkd.org\/pt\/wp-json\/wp\/v2\/posts\/2040"}],"collection":[{"href":"https:\/\/ajtkd.org\/pt\/wp-json\/wp\/v2\/posts"}],"about":[{"href":"https:\/\/ajtkd.org\/pt\/wp-json\/wp\/v2\/types\/post"}],"author":[{"embeddable":true,"href":"https:\/\/ajtkd.org\/pt\/wp-json\/wp\/v2\/users\/4"}],"replies":[{"embeddable":true,"href":"https:\/\/ajtkd.org\/pt\/wp-json\/wp\/v2\/comments?post=2040"}],"version-history":[{"count":3,"href":"https:\/\/ajtkd.org\/pt\/wp-json\/wp\/v2\/posts\/2040\/revisions"}],"predecessor-version":[{"id":2045,"href":"https:\/\/ajtkd.org\/pt\/wp-json\/wp\/v2\/posts\/2040\/revisions\/2045"}],"wp:featuredmedia":[{"embeddable":true,"href":"https:\/\/ajtkd.org\/pt\/wp-json\/wp\/v2\/media\/2042"}],"wp:attachment":[{"href":"https:\/\/ajtkd.org\/pt\/wp-json\/wp\/v2\/media?parent=2040"}],"wp:term":[{"taxonomy":"category","embeddable":true,"href":"https:\/\/ajtkd.org\/pt\/wp-json\/wp\/v2\/categories?post=2040"},{"taxonomy":"post_tag","embeddable":true,"href":"https:\/\/ajtkd.org\/pt\/wp-json\/wp\/v2\/tags?post=2040"}],"curies":[{"name":"wp","href":"https:\/\/api.w.org\/{rel}","templated":true}]}}